{"id":5333,"date":"2026-09-03T15:35:25","date_gmt":"2026-09-03T14:35:25","guid":{"rendered":"https:\/\/www.danumed.com\/?p=5333"},"modified":"2026-09-03T15:51:42","modified_gmt":"2026-09-03T14:51:42","slug":"entrevista-a-danumed-realizada-por-la-camara-de-comercio-de-ratisbona-ihk","status":"publish","type":"post","link":"https:\/\/www.danumed.com\/es\/danumed-interviewed-by-the-regensburg-chamber-of-commerce-ihk\/","title":{"rendered":"danumed en entrevista con la C\u00e1mara de Comercio e Industria de Ratisbona (IHK)"},"content":{"rendered":"<p>Nos complace que danumed forme parte de la edici\u00f3n actual de <em>Wirtschaft Konkret<\/em>, la revista econ\u00f3mica de la C\u00e1mara de Comercio e Industria de Ratisbona (IHK) para Alto Palatinado\/Kelheim.<\/p>\n<p>Como parte del reportaje de portada <strong>\u201cOportunidades en nuevos mercados\u201d<\/strong>, tuvimos la oportunidad de hablar sobre nuestra trayectoria, desde una empresa regional de tecnolog\u00eda m\u00e9dica hasta convertirnos en un proveedor de soluciones de nutrici\u00f3n enteral con presencia internacional, en una entrevista con la IHK.<\/p>\n<p>Durante la entrevista, compartimos nuestras experiencias en el desarrollo de mercados internacionales, la colaboraci\u00f3n con socios distribuidores de todo el mundo y los desaf\u00edos y oportunidades asociados con un crecimiento sostenible en el sector de la tecnolog\u00eda m\u00e9dica. Tambi\u00e9n explicamos el papel fundamental que desempe\u00f1an la innovaci\u00f3n, la especializaci\u00f3n y las relaciones a largo plazo en nuestro desarrollo internacional.<\/p>\n<p>Desde su fundaci\u00f3n, danumed ha seguido una visi\u00f3n internacional. Actualmente, nuestros productos se utilizan en m\u00e1s de 40 pa\u00edses y ayudan a profesionales sanitarios y pacientes en todo el mundo. El intercambio con la IHK nos brind\u00f3 la oportunidad de compartir nuestra perspectiva sobre la internacionalizaci\u00f3n en el \u00e1mbito de la salud y los requisitos espec\u00edficos de los mercados globales.<\/p>\n<p>Queremos agradecer sinceramente a la C\u00e1mara de Comercio e Industria de Ratisbona y al equipo editorial de <em>Wirtschaft Konkret<\/em> por esta interesante conversaci\u00f3n y por brindarnos la oportunidad de presentar nuestra historia y nuestras experiencias.<\/p>\n<p>\ud83d\udc49 Lee el art\u00edculo completo aqu\u00ed: <a href=\"https:\/\/www.ihk.de\/regensburg\/ihk-magazin\/titelgeschichten\/titel0926-chancen-neuer-maerkte-7151074\">Oportunidades en nuevos mercados \u2013 C\u00e1mara de Comercio e Industria de Ratisbona para el Alto Palatinado \/ Kelheim<\/a><\/p>","protected":false},"excerpt":{"rendered":"<p>We are pleased that danumed is featured in the current issue of Wirtschaft Konkret, the business magazine of the Regensburg Chamber of Commerce and Industry (IHK) for Upper Palatinate\/Kelheim. As part of the cover story \u201cOpportunities in New Markets\u201d, we had the opportunity to discuss our journey from a regional medical technology company to an [&hellip;]<\/p>\n","protected":false},"author":3,"featured_media":5343,"comment_status":"open","ping_status":"open","sticky":false,"template":"","format":"standard","meta":{"_acf_changed":false,"ocean_front_end_style_editor":"no","ocean_post_layout":"","ocean_both_sidebars_style":"","ocean_both_sidebars_content_width":0,"ocean_both_sidebars_sidebars_width":0,"ocean_sidebar":"","ocean_second_sidebar":"","ocean_disable_margins":"enable","ocean_add_body_class":"","ocean_shortcode_before_top_bar":"","ocean_shortcode_after_top_bar":"","ocean_shortcode_before_header":"","ocean_shortcode_after_header":"","ocean_has_shortcode":"","ocean_shortcode_after_title":"","ocean_shortcode_before_footer_widgets":"","ocean_shortcode_after_footer_widgets":"","ocean_shortcode_before_footer_bottom":"","ocean_shortcode_after_footer_bottom":"","ocean_display_top_bar":"default","ocean_display_header":"default","ocean_header_style":"","ocean_center_header_left_menu":"","ocean_custom_header_template":"","ocean_custom_logo":0,"ocean_custom_retina_logo":0,"ocean_custom_logo_max_width":0,"ocean_custom_logo_tablet_max_width":0,"ocean_custom_logo_mobile_max_width":0,"ocean_custom_logo_max_height":0,"ocean_custom_logo_tablet_max_height":0,"ocean_custom_logo_mobile_max_height":0,"ocean_header_custom_menu":"","ocean_menu_typo_font_family":"","ocean_menu_typo_font_subset":"","ocean_menu_typo_font_size":0,"ocean_menu_typo_font_size_tablet":0,"ocean_menu_typo_font_size_mobile":0,"ocean_menu_typo_font_size_unit":"px","ocean_menu_typo_font_weight":"","ocean_menu_typo_font_weight_tablet":"","ocean_menu_typo_font_weight_mobile":"","ocean_menu_typo_transform":"","ocean_menu_typo_transform_tablet":"","ocean_menu_typo_transform_mobile":"","ocean_menu_typo_line_height":0,"ocean_menu_typo_line_height_tablet":0,"ocean_menu_typo_line_height_mobile":0,"ocean_menu_typo_line_height_unit":"","ocean_menu_typo_spacing":0,"ocean_menu_typo_spacing_tablet":0,"ocean_menu_typo_spacing_mobile":0,"ocean_menu_typo_spacing_unit":"","ocean_menu_link_color":"","ocean_menu_link_color_hover":"","ocean_menu_link_color_active":"","ocean_menu_link_background":"","ocean_menu_link_hover_background":"","ocean_menu_link_active_background":"","ocean_menu_social_links_bg":"","ocean_menu_social_hover_links_bg":"","ocean_menu_social_links_color":"","ocean_menu_social_hover_links_color":"","ocean_disable_title":"default","ocean_disable_heading":"default","ocean_post_title":"","ocean_post_subheading":"","ocean_post_title_style":"","ocean_post_title_background_color":"","ocean_post_title_background":0,"ocean_post_title_bg_image_position":"","ocean_post_title_bg_image_attachment":"","ocean_post_title_bg_image_repeat":"","ocean_post_title_bg_image_size":"","ocean_post_title_height":0,"ocean_post_title_bg_overlay":0.5,"ocean_post_title_bg_overlay_color":"","ocean_disable_breadcrumbs":"default","ocean_breadcrumbs_color":"","ocean_breadcrumbs_separator_color":"","ocean_breadcrumbs_links_color":"","ocean_breadcrumbs_links_hover_color":"","ocean_display_footer_widgets":"default","ocean_display_footer_bottom":"default","ocean_custom_footer_template":"","ocean_post_oembed":"","ocean_post_self_hosted_media":"","ocean_post_video_embed":"","ocean_link_format":"","ocean_link_format_target":"self","ocean_quote_format":"","ocean_quote_format_link":"post","ocean_gallery_link_images":"on","ocean_gallery_id":[],"footnotes":""},"categories":[1],"tags":[],"class_list":["post-5333","post","type-post","status-publish","format-standard","has-post-thumbnail","hentry","category-uncategorized","entry","has-media"],"acf":[],"yoast_head":"<!-- This site is optimized with the Yoast SEO plugin v28.4 - https:\/\/yoast.com\/product\/yoast-seo-wordpress\/ -->\n<title>danumed Interviewed by the Regensburg Chamber of Commerce (IHK) - danumed Medizintechnik GmbH<\/title>\n<meta name=\"description\" content=\"We are pleased that danumed is featured in the current issue of Wirtschaft Konkret, the business magazine of the Regensburg Chamber of Commerce and\" \/>\n<meta name=\"robots\" content=\"index, follow, max-snippet:-1, max-image-preview:large, max-video-preview:-1\" \/>\n<link rel=\"canonical\" href=\"https:\/\/www.danumed.com\/es\/entrevista-a-danumed-realizada-por-la-camara-de-comercio-de-ratisbona-ihk\/\" \/>\n<meta property=\"og:locale\" content=\"es_ES\" \/>\n<meta property=\"og:type\" content=\"article\" \/>\n<meta property=\"og:title\" content=\"danumed Interviewed by the Regensburg Chamber of Commerce (IHK) - danumed Medizintechnik GmbH\" \/>\n<meta property=\"og:description\" content=\"We are pleased that danumed is featured in the current issue of Wirtschaft Konkret, the business magazine of the Regensburg Chamber of Commerce and\" \/>\n<meta property=\"og:url\" content=\"https:\/\/www.danumed.com\/es\/entrevista-a-danumed-realizada-por-la-camara-de-comercio-de-ratisbona-ihk\/\" \/>\n<meta property=\"og:site_name\" content=\"danumed Medizintechnik GmbH\" \/>\n<meta property=\"article:published_time\" content=\"2026-09-03T14:35:25+00:00\" \/>\n<meta property=\"article:modified_time\" content=\"2026-09-03T14:51:42+00:00\" \/>\n<meta property=\"og:image\" content=\"https:\/\/www.danumed.com\/wp-content\/uploads\/2026\/09\/IHK-Artikel-Linked-In.png\" \/>\n\t<meta property=\"og:image:width\" content=\"1200\" \/>\n\t<meta property=\"og:image:height\" content=\"1200\" \/>\n\t<meta property=\"og:image:type\" content=\"image\/png\" \/>\n<meta name=\"author\" content=\"Lea Zabler\" \/>\n<meta name=\"twitter:card\" content=\"summary_large_image\" \/>\n<meta name=\"twitter:label1\" content=\"Escrito por\" \/>\n\t<meta name=\"twitter:data1\" content=\"Lea Zabler\" \/>\n\t<meta name=\"twitter:label2\" content=\"Tiempo de lectura\" \/>\n\t<meta name=\"twitter:data2\" content=\"2 minutos\" \/>\n<script type=\"application\/ld+json\" class=\"yoast-schema-graph\">{\"@context\":\"https:\\\/\\\/schema.org\",\"@graph\":[{\"@type\":\"Article\",\"@id\":\"https:\\\/\\\/www.danumed.com\\\/danumed-interviewed-by-the-regensburg-chamber-of-commerce-ihk\\\/#article\",\"isPartOf\":{\"@id\":\"https:\\\/\\\/www.danumed.com\\\/danumed-interviewed-by-the-regensburg-chamber-of-commerce-ihk\\\/\"},\"author\":{\"name\":\"Lea Zabler\",\"@id\":\"https:\\\/\\\/www.danumed.com\\\/#\\\/schema\\\/person\\\/0fadbe3859855330931212e93edf24c1\"},\"headline\":\"danumed Interviewed by the Regensburg Chamber of Commerce (IHK)\",\"datePublished\":\"2026-09-03T14:35:25+00:00\",\"dateModified\":\"2026-09-03T14:51:42+00:00\",\"mainEntityOfPage\":{\"@id\":\"https:\\\/\\\/www.danumed.com\\\/danumed-interviewed-by-the-regensburg-chamber-of-commerce-ihk\\\/\"},\"wordCount\":225,\"commentCount\":0,\"publisher\":{\"@id\":\"https:\\\/\\\/www.danumed.com\\\/#organization\"},\"image\":{\"@id\":\"https:\\\/\\\/www.danumed.com\\\/danumed-interviewed-by-the-regensburg-chamber-of-commerce-ihk\\\/#primaryimage\"},\"thumbnailUrl\":\"https:\\\/\\\/www.danumed.com\\\/wp-content\\\/uploads\\\/2026\\\/09\\\/IHK-Artikel-Linked-In.png\",\"articleSection\":[\"Uncategorized\"],\"inLanguage\":\"es\",\"potentialAction\":[{\"@type\":\"CommentAction\",\"name\":\"Comment\",\"target\":[\"https:\\\/\\\/www.danumed.com\\\/danumed-interviewed-by-the-regensburg-chamber-of-commerce-ihk\\\/#respond\"]}]},{\"@type\":\"WebPage\",\"@id\":\"https:\\\/\\\/www.danumed.com\\\/danumed-interviewed-by-the-regensburg-chamber-of-commerce-ihk\\\/\",\"url\":\"https:\\\/\\\/www.danumed.com\\\/danumed-interviewed-by-the-regensburg-chamber-of-commerce-ihk\\\/\",\"name\":\"danumed Interviewed by the Regensburg Chamber of Commerce (IHK) - danumed Medizintechnik GmbH\",\"isPartOf\":{\"@id\":\"https:\\\/\\\/www.danumed.com\\\/#website\"},\"primaryImageOfPage\":{\"@id\":\"https:\\\/\\\/www.danumed.com\\\/danumed-interviewed-by-the-regensburg-chamber-of-commerce-ihk\\\/#primaryimage\"},\"image\":{\"@id\":\"https:\\\/\\\/www.danumed.com\\\/danumed-interviewed-by-the-regensburg-chamber-of-commerce-ihk\\\/#primaryimage\"},\"thumbnailUrl\":\"https:\\\/\\\/www.danumed.com\\\/wp-content\\\/uploads\\\/2026\\\/09\\\/IHK-Artikel-Linked-In.png\",\"datePublished\":\"2026-09-03T14:35:25+00:00\",\"dateModified\":\"2026-09-03T14:51:42+00:00\",\"description\":\"We are pleased that danumed is featured in the current issue of Wirtschaft Konkret, the business magazine of the Regensburg Chamber of Commerce and\",\"breadcrumb\":{\"@id\":\"https:\\\/\\\/www.danumed.com\\\/danumed-interviewed-by-the-regensburg-chamber-of-commerce-ihk\\\/#breadcrumb\"},\"inLanguage\":\"es\",\"potentialAction\":[{\"@type\":\"ReadAction\",\"target\":[\"https:\\\/\\\/www.danumed.com\\\/danumed-interviewed-by-the-regensburg-chamber-of-commerce-ihk\\\/\"]}]},{\"@type\":\"ImageObject\",\"inLanguage\":\"es\",\"@id\":\"https:\\\/\\\/www.danumed.com\\\/danumed-interviewed-by-the-regensburg-chamber-of-commerce-ihk\\\/#primaryimage\",\"url\":\"https:\\\/\\\/www.danumed.com\\\/wp-content\\\/uploads\\\/2026\\\/09\\\/IHK-Artikel-Linked-In.png\",\"contentUrl\":\"https:\\\/\\\/www.danumed.com\\\/wp-content\\\/uploads\\\/2026\\\/09\\\/IHK-Artikel-Linked-In.png\",\"width\":1200,\"height\":1200},{\"@type\":\"BreadcrumbList\",\"@id\":\"https:\\\/\\\/www.danumed.com\\\/danumed-interviewed-by-the-regensburg-chamber-of-commerce-ihk\\\/#breadcrumb\",\"itemListElement\":[{\"@type\":\"ListItem\",\"position\":1,\"name\":\"Home\",\"item\":\"https:\\\/\\\/www.danumed.com\\\/\"},{\"@type\":\"ListItem\",\"position\":2,\"name\":\"danumed Interviewed by the Regensburg Chamber of Commerce (IHK)\"}]},{\"@type\":\"WebSite\",\"@id\":\"https:\\\/\\\/www.danumed.com\\\/#website\",\"url\":\"https:\\\/\\\/www.danumed.com\\\/\",\"name\":\"danumed - trusted partner for advanced enteral solutions\",\"description\":\"Innovators in Enteral Care\",\"publisher\":{\"@id\":\"https:\\\/\\\/www.danumed.com\\\/#organization\"},\"alternateName\":\"danumed medtech\",\"potentialAction\":[{\"@type\":\"SearchAction\",\"target\":{\"@type\":\"EntryPoint\",\"urlTemplate\":\"https:\\\/\\\/www.danumed.com\\\/?s={search_term_string}\"},\"query-input\":{\"@type\":\"PropertyValueSpecification\",\"valueRequired\":true,\"valueName\":\"search_term_string\"}}],\"inLanguage\":\"es\"},{\"@type\":\"Organization\",\"@id\":\"https:\\\/\\\/www.danumed.com\\\/#organization\",\"name\":\"danumed Medizintechnik GmbH\",\"url\":\"https:\\\/\\\/www.danumed.com\\\/\",\"logo\":{\"@type\":\"ImageObject\",\"inLanguage\":\"es\",\"@id\":\"https:\\\/\\\/www.danumed.com\\\/#\\\/schema\\\/logo\\\/image\\\/\",\"url\":\"https:\\\/\\\/www.danumed.com\\\/wp-content\\\/uploads\\\/2024\\\/06\\\/danumed-logo.svg\",\"contentUrl\":\"https:\\\/\\\/www.danumed.com\\\/wp-content\\\/uploads\\\/2024\\\/06\\\/danumed-logo.svg\",\"width\":250,\"height\":76,\"caption\":\"danumed Medizintechnik GmbH\"},\"image\":{\"@id\":\"https:\\\/\\\/www.danumed.com\\\/#\\\/schema\\\/logo\\\/image\\\/\"},\"sameAs\":[\"https:\\\/\\\/www.linkedin.com\\\/company\\\/danumed-medizintechnik\\\/?originalSubdomain=de\"]},{\"@type\":\"Person\",\"@id\":\"https:\\\/\\\/www.danumed.com\\\/#\\\/schema\\\/person\\\/0fadbe3859855330931212e93edf24c1\",\"name\":\"Lea Zabler\",\"image\":{\"@type\":\"ImageObject\",\"inLanguage\":\"es\",\"@id\":\"https:\\\/\\\/secure.gravatar.com\\\/avatar\\\/1c80a209173f12db61133130c910fdef5377af1c1d1b5ee2f2ec09d68a6e9cba?s=96&d=mm&r=g\",\"url\":\"https:\\\/\\\/secure.gravatar.com\\\/avatar\\\/1c80a209173f12db61133130c910fdef5377af1c1d1b5ee2f2ec09d68a6e9cba?s=96&d=mm&r=g\",\"contentUrl\":\"https:\\\/\\\/secure.gravatar.com\\\/avatar\\\/1c80a209173f12db61133130c910fdef5377af1c1d1b5ee2f2ec09d68a6e9cba?s=96&d=mm&r=g\",\"caption\":\"Lea Zabler\"},\"url\":\"https:\\\/\\\/www.danumed.com\\\/es\\\/author\\\/lea\\\/\"}]}<\/script>\n<!-- \/ Yoast SEO plugin. -->","yoast_head_json":{"title":"danumed, entrevistada por la C\u00e1mara de Comercio de Ratisbona (IHK) - danumed Medizintechnik GmbH","description":"Nos complace que \u00abdanumed\u00bb aparezca en el \u00faltimo n\u00famero de \u00abWirtschaft Konkret\u00bb, la revista de negocios de la C\u00e1mara de Comercio de Ratisbona y","robots":{"index":"index","follow":"follow","max-snippet":"max-snippet:-1","max-image-preview":"max-image-preview:large","max-video-preview":"max-video-preview:-1"},"canonical":"https:\/\/www.danumed.com\/es\/entrevista-a-danumed-realizada-por-la-camara-de-comercio-de-ratisbona-ihk\/","og_locale":"es_ES","og_type":"article","og_title":"danumed Interviewed by the Regensburg Chamber of Commerce (IHK) - danumed Medizintechnik GmbH","og_description":"We are pleased that danumed is featured in the current issue of Wirtschaft Konkret, the business magazine of the Regensburg Chamber of Commerce and","og_url":"https:\/\/www.danumed.com\/es\/entrevista-a-danumed-realizada-por-la-camara-de-comercio-de-ratisbona-ihk\/","og_site_name":"danumed Medizintechnik GmbH","article_published_time":"2026-09-03T14:35:25+00:00","article_modified_time":"2026-09-03T14:51:42+00:00","og_image":[{"width":1200,"height":1200,"url":"https:\/\/www.danumed.com\/wp-content\/uploads\/2026\/09\/IHK-Artikel-Linked-In.png","type":"image\/png"}],"author":"Lea Zabler","twitter_card":"summary_large_image","twitter_misc":{"Escrito por":"Lea Zabler","Tiempo de lectura":"2 minutos"},"schema":{"@context":"https:\/\/schema.org","@graph":[{"@type":"Article","@id":"https:\/\/www.danumed.com\/danumed-interviewed-by-the-regensburg-chamber-of-commerce-ihk\/#article","isPartOf":{"@id":"https:\/\/www.danumed.com\/danumed-interviewed-by-the-regensburg-chamber-of-commerce-ihk\/"},"author":{"name":"Lea Zabler","@id":"https:\/\/www.danumed.com\/#\/schema\/person\/0fadbe3859855330931212e93edf24c1"},"headline":"danumed Interviewed by the Regensburg Chamber of Commerce (IHK)","datePublished":"2026-09-03T14:35:25+00:00","dateModified":"2026-09-03T14:51:42+00:00","mainEntityOfPage":{"@id":"https:\/\/www.danumed.com\/danumed-interviewed-by-the-regensburg-chamber-of-commerce-ihk\/"},"wordCount":225,"commentCount":0,"publisher":{"@id":"https:\/\/www.danumed.com\/#organization"},"image":{"@id":"https:\/\/www.danumed.com\/danumed-interviewed-by-the-regensburg-chamber-of-commerce-ihk\/#primaryimage"},"thumbnailUrl":"https:\/\/www.danumed.com\/wp-content\/uploads\/2026\/09\/IHK-Artikel-Linked-In.png","articleSection":["Uncategorized"],"inLanguage":"es","potentialAction":[{"@type":"CommentAction","name":"Comment","target":["https:\/\/www.danumed.com\/danumed-interviewed-by-the-regensburg-chamber-of-commerce-ihk\/#respond"]}]},{"@type":"WebPage","@id":"https:\/\/www.danumed.com\/danumed-interviewed-by-the-regensburg-chamber-of-commerce-ihk\/","url":"https:\/\/www.danumed.com\/danumed-interviewed-by-the-regensburg-chamber-of-commerce-ihk\/","name":"danumed, entrevistada por la C\u00e1mara de Comercio de Ratisbona (IHK) - danumed Medizintechnik GmbH","isPartOf":{"@id":"https:\/\/www.danumed.com\/#website"},"primaryImageOfPage":{"@id":"https:\/\/www.danumed.com\/danumed-interviewed-by-the-regensburg-chamber-of-commerce-ihk\/#primaryimage"},"image":{"@id":"https:\/\/www.danumed.com\/danumed-interviewed-by-the-regensburg-chamber-of-commerce-ihk\/#primaryimage"},"thumbnailUrl":"https:\/\/www.danumed.com\/wp-content\/uploads\/2026\/09\/IHK-Artikel-Linked-In.png","datePublished":"2026-09-03T14:35:25+00:00","dateModified":"2026-09-03T14:51:42+00:00","description":"Nos complace que \u00abdanumed\u00bb aparezca en el \u00faltimo n\u00famero de \u00abWirtschaft Konkret\u00bb, la revista de negocios de la C\u00e1mara de Comercio de Ratisbona y","breadcrumb":{"@id":"https:\/\/www.danumed.com\/danumed-interviewed-by-the-regensburg-chamber-of-commerce-ihk\/#breadcrumb"},"inLanguage":"es","potentialAction":[{"@type":"ReadAction","target":["https:\/\/www.danumed.com\/danumed-interviewed-by-the-regensburg-chamber-of-commerce-ihk\/"]}]},{"@type":"ImageObject","inLanguage":"es","@id":"https:\/\/www.danumed.com\/danumed-interviewed-by-the-regensburg-chamber-of-commerce-ihk\/#primaryimage","url":"https:\/\/www.danumed.com\/wp-content\/uploads\/2026\/09\/IHK-Artikel-Linked-In.png","contentUrl":"https:\/\/www.danumed.com\/wp-content\/uploads\/2026\/09\/IHK-Artikel-Linked-In.png","width":1200,"height":1200},{"@type":"BreadcrumbList","@id":"https:\/\/www.danumed.com\/danumed-interviewed-by-the-regensburg-chamber-of-commerce-ihk\/#breadcrumb","itemListElement":[{"@type":"ListItem","position":1,"name":"Home","item":"https:\/\/www.danumed.com\/"},{"@type":"ListItem","position":2,"name":"danumed Interviewed by the Regensburg Chamber of Commerce (IHK)"}]},{"@type":"WebSite","@id":"https:\/\/www.danumed.com\/#website","url":"https:\/\/www.danumed.com\/","name":"danumed - socio de confianza para soluciones enterales avanzadas","description":"Innovadores en cuidados enterales","publisher":{"@id":"https:\/\/www.danumed.com\/#organization"},"alternateName":"danumed medtech","potentialAction":[{"@type":"SearchAction","target":{"@type":"EntryPoint","urlTemplate":"https:\/\/www.danumed.com\/?s={search_term_string}"},"query-input":{"@type":"PropertyValueSpecification","valueRequired":true,"valueName":"search_term_string"}}],"inLanguage":"es"},{"@type":"Organization","@id":"https:\/\/www.danumed.com\/#organization","name":"danumed Medizintechnik GmbH","url":"https:\/\/www.danumed.com\/","logo":{"@type":"ImageObject","inLanguage":"es","@id":"https:\/\/www.danumed.com\/#\/schema\/logo\/image\/","url":"https:\/\/www.danumed.com\/wp-content\/uploads\/2024\/06\/danumed-logo.svg","contentUrl":"https:\/\/www.danumed.com\/wp-content\/uploads\/2024\/06\/danumed-logo.svg","width":250,"height":76,"caption":"danumed Medizintechnik GmbH"},"image":{"@id":"https:\/\/www.danumed.com\/#\/schema\/logo\/image\/"},"sameAs":["https:\/\/www.linkedin.com\/company\/danumed-medizintechnik\/?originalSubdomain=de"]},{"@type":"Person","@id":"https:\/\/www.danumed.com\/#\/schema\/person\/0fadbe3859855330931212e93edf24c1","name":"Lea Zabler","image":{"@type":"ImageObject","inLanguage":"es","@id":"https:\/\/secure.gravatar.com\/avatar\/1c80a209173f12db61133130c910fdef5377af1c1d1b5ee2f2ec09d68a6e9cba?s=96&d=mm&r=g","url":"https:\/\/secure.gravatar.com\/avatar\/1c80a209173f12db61133130c910fdef5377af1c1d1b5ee2f2ec09d68a6e9cba?s=96&d=mm&r=g","contentUrl":"https:\/\/secure.gravatar.com\/avatar\/1c80a209173f12db61133130c910fdef5377af1c1d1b5ee2f2ec09d68a6e9cba?s=96&d=mm&r=g","caption":"Lea Zabler"},"url":"https:\/\/www.danumed.com\/es\/author\/lea\/"}]}},"_links":{"self":[{"href":"https:\/\/www.danumed.com\/es\/wp-json\/wp\/v2\/posts\/5333","targetHints":{"allow":["GET"]}}],"collection":[{"href":"https:\/\/www.danumed.com\/es\/wp-json\/wp\/v2\/posts"}],"about":[{"href":"https:\/\/www.danumed.com\/es\/wp-json\/wp\/v2\/types\/post"}],"author":[{"embeddable":true,"href":"https:\/\/www.danumed.com\/es\/wp-json\/wp\/v2\/users\/3"}],"replies":[{"embeddable":true,"href":"https:\/\/www.danumed.com\/es\/wp-json\/wp\/v2\/comments?post=5333"}],"version-history":[{"count":8,"href":"https:\/\/www.danumed.com\/es\/wp-json\/wp\/v2\/posts\/5333\/revisions"}],"predecessor-version":[{"id":5346,"href":"https:\/\/www.danumed.com\/es\/wp-json\/wp\/v2\/posts\/5333\/revisions\/5346"}],"wp:featuredmedia":[{"embeddable":true,"href":"https:\/\/www.danumed.com\/es\/wp-json\/wp\/v2\/media\/5343"}],"wp:attachment":[{"href":"https:\/\/www.danumed.com\/es\/wp-json\/wp\/v2\/media?parent=5333"}],"wp:term":[{"taxonomy":"category","embeddable":true,"href":"https:\/\/www.danumed.com\/es\/wp-json\/wp\/v2\/categories?post=5333"},{"taxonomy":"post_tag","embeddable":true,"href":"https:\/\/www.danumed.com\/es\/wp-json\/wp\/v2\/tags?post=5333"}],"curies":[{"name":"wp","href":"https:\/\/api.w.org\/{rel}","templated":true}]}}